{"id":6401,"date":"2026-03-25T14:25:33","date_gmt":"2026-03-25T17:25:33","guid":{"rendered":"https:\/\/sedesur.unsa.edu.ar\/?p=6401"},"modified":"2026-03-25T14:38:19","modified_gmt":"2026-03-25T17:38:19","slug":"llamado-a-inscripcion-graduado-auxiliar-adscripto-sistemas-y-senales-teu","status":"publish","type":"post","link":"https:\/\/sedesur.unsa.edu.ar\/index.php\/2026\/03\/25\/llamado-a-inscripcion-graduado-auxiliar-adscripto-sistemas-y-senales-teu\/","title":{"rendered":"LLAMADO A INSCRIPCION: GRADUADO AUXILIAR ADSCRIPTO -SISTEMAS Y SE\u00d1ALES \u2013 TEU \u2013"},"content":{"rendered":"\t\t<div data-elementor-type=\"wp-post\" data-elementor-id=\"6401\" class=\"elementor elementor-6401\">\n\t\t\t\t\t\t<section class=\"elementor-section elementor-top-section elementor-element elementor-element-71cf1c9 elementor-section-boxed elementor-section-height-default elementor-section-height-default\" data-id=\"71cf1c9\" data-element_type=\"section\" data-e-type=\"section\">\n\t\t\t\t\t\t<div class=\"elementor-container elementor-column-gap-default\">\n\t\t\t\t\t<div class=\"elementor-column elementor-col-100 elementor-top-column elementor-element elementor-element-694327f\" data-id=\"694327f\" data-element_type=\"column\" data-e-type=\"column\">\n\t\t\t<div class=\"elementor-widget-wrap elementor-element-populated\">\n\t\t\t\t\t\t<div class=\"elementor-element elementor-element-919bd85 elementor-widget elementor-widget-text-editor\" data-id=\"919bd85\" data-element_type=\"widget\" data-e-type=\"widget\" data-widget_type=\"text-editor.default\">\n\t\t\t\t<div class=\"elementor-widget-container\">\n\t\t\t\t\t\t\t\t\t<p><strong>El DECANO DE lA FACULTAD DE CIENCIAS EXACTAS<\/strong><br \/><strong>RESUELVE:<\/strong><\/p><p>Convocar a inscripci\u00f3n de interesados para cubrir un (1) cargo de Graduado<br \/>Adscripto en la asignatura Sistemas y Se\u00f1ales I de la carrera Tecnicatura Electr\u00f3nica<br \/>Universitaria (Plan de Estudios 2006), a dictarse en la Sede Regional Met\u00e1n &#8211; Rosario de la<br \/>Frontera, a partir de la efectiva toma de posesi\u00f3n de funciones y por el t\u00e9rmino de un (1) a\u00f1o.<\/p><p><strong>CRONOGRAMA<\/strong><\/p><p><strong>PUBLlCACION:<\/strong> del 25 al 27 de marzo de 2026<\/p><p><strong>INSCRIPCIONES:<\/strong> del 30 de marzo al 06 de abril de 2026<\/p><p><strong>PUBLICACi\u00d3N DE LISTA DE INSCRIPTOS:<\/strong> 07 y 08 de abril de 2026.<\/p><p><strong>IMPUGNACIONES, RECUSACIONES y\/o EXCUSACIONES:<\/strong> 09 y 10 de abril de 2026<\/p><p><strong>ENTREVISTA:<\/strong> 14 de abril de 2026 a 15:30 &#8211; lugar: Facultad de Ciencias Exactas.<\/p><p><strong>NOTIFICACIONES:<\/strong> hasta cuarenta y ocho (48) horas h\u00e1biles posteriores a la presentaci\u00f3n del<br \/>acta de dictamen.<\/p><p><strong>IMPUGNACIONES Al DICTAMEN:<\/strong> hasta cuarenta y ocho (48) horas h\u00e1biles posteriores a la<br \/>notificaci\u00f3n del mismo.<\/p><p><strong>INFORMES Y HORARIOS DE ATENCi\u00d3N PARA INSCRIPCIONES:<\/strong><br \/>SEDE REGIONAL METAN &#8211; ROSARIO DE lA FRONTERA<\/p><p><strong>METAN:<\/strong><br \/>de 09:00 a 12:00 horas.<br \/>de 15:00 a 18:00 horas.<\/p><p><strong>ROSARIO DE LA FRONTERA:<\/strong><br \/>Direcci\u00f3n: Av. Palau 451 &#8211; Rosario de la Frontera<br \/>de 09:00 a 12:00 horas.<br \/>de 15:00 a 18:00 horas.<\/p><p><strong>REQUISITOS:<\/strong> Nota dirigida \u00e9l la Directora de la Sede Regional Metan &#8211; Rosario de la<br \/>Frontera, Mag. Patricia WAYAR, adjuntando un Curr\u00edculum Vitae (todas las hojas firmadas) y a respectiva Documentaci\u00f3n Probatoria en original o copia certificada.\u00a0<\/p><p>Para mas informacion link de la resolucion: <a href=\"https:\/\/sedesur.unsa.edu.ar\/wp-content\/uploads\/2026\/03\/RD-128-2026-EXA-UNSa.pdf\"><span style=\"color: #0000ff;\"><strong>RD-128-2026-EXA-UNSa<\/strong><\/span><\/a><\/p>\t\t\t\t\t\t\t\t<\/div>\n\t\t\t\t<\/div>\n\t\t\t\t\t<\/div>\n\t\t<\/div>\n\t\t\t\t\t<\/div>\n\t\t<\/section>\n\t\t\t\t<\/div>\n\t\t","protected":false},"excerpt":{"rendered":"<p>El DECANO DE lA FACULTAD DE CIENCIAS EXACTASRESUELVE: Convocar a inscripci\u00f3n de interesados para cubrir un (1) cargo de GraduadoAdscripto en la asignatura Sistemas y Se\u00f1ales I de la carrera Tecnicatura Electr\u00f3nicaUniversitaria (Plan de Estudios 2006), a dictarse en la <a href=\"https:\/\/sedesur.unsa.edu.ar\/index.php\/2026\/03\/25\/llamado-a-inscripcion-graduado-auxiliar-adscripto-sistemas-y-senales-teu\/\" class=\"read-more\">Leer mas &#8230;<\/a><\/p>\n","protected":false},"author":3,"featured_media":0,"comment_status":"closed","ping_status":"closed","sticky":false,"template":"","format":"standard","meta":{"footnotes":""},"categories":[25,23,1],"tags":[],"class_list":["post-6401","post","type-post","status-publish","format-standard","hentry","category-estudiantes","category-novedades","category-sin-categoria"],"_links":{"self":[{"href":"https:\/\/sedesur.unsa.edu.ar\/index.php\/wp-json\/wp\/v2\/posts\/6401","targetHints":{"allow":["GET"]}}],"collection":[{"href":"https:\/\/sedesur.unsa.edu.ar\/index.php\/wp-json\/wp\/v2\/posts"}],"about":[{"href":"https:\/\/sedesur.unsa.edu.ar\/index.php\/wp-json\/wp\/v2\/types\/post"}],"author":[{"embeddable":true,"href":"https:\/\/sedesur.unsa.edu.ar\/index.php\/wp-json\/wp\/v2\/users\/3"}],"replies":[{"embeddable":true,"href":"https:\/\/sedesur.unsa.edu.ar\/index.php\/wp-json\/wp\/v2\/comments?post=6401"}],"version-history":[{"count":14,"href":"https:\/\/sedesur.unsa.edu.ar\/index.php\/wp-json\/wp\/v2\/posts\/6401\/revisions"}],"predecessor-version":[{"id":6417,"href":"https:\/\/sedesur.unsa.edu.ar\/index.php\/wp-json\/wp\/v2\/posts\/6401\/revisions\/6417"}],"wp:attachment":[{"href":"https:\/\/sedesur.unsa.edu.ar\/index.php\/wp-json\/wp\/v2\/media?parent=6401"}],"wp:term":[{"taxonomy":"category","embeddable":true,"href":"https:\/\/sedesur.unsa.edu.ar\/index.php\/wp-json\/wp\/v2\/categories?post=6401"},{"taxonomy":"post_tag","embeddable":true,"href":"https:\/\/sedesur.unsa.edu.ar\/index.php\/wp-json\/wp\/v2\/tags?post=6401"}],"curies":[{"name":"wp","href":"https:\/\/api.w.org\/{rel}","templated":true}]}}