{"id":5147,"date":"2024-05-31T14:48:07","date_gmt":"2024-05-31T17:48:07","guid":{"rendered":"https:\/\/sedesur.unsa.edu.ar\/?p=5147"},"modified":"2024-05-31T14:49:08","modified_gmt":"2024-05-31T17:49:08","slug":"llamado-a-cubrir-1-un-cargo-de-auxiliar-de-mantenimiento","status":"publish","type":"post","link":"https:\/\/sedesur.unsa.edu.ar\/index.php\/2024\/05\/31\/llamado-a-cubrir-1-un-cargo-de-auxiliar-de-mantenimiento\/","title":{"rendered":"LLAMADO A CUBRIR 1 (UN) CARGO DE AUXILIAR DE MANTENIMIENTO"},"content":{"rendered":"\t\t<div data-elementor-type=\"wp-post\" data-elementor-id=\"5147\" class=\"elementor elementor-5147\">\n\t\t\t\t\t\t<section class=\"elementor-section elementor-top-section elementor-element elementor-element-57b7625 elementor-section-boxed elementor-section-height-default elementor-section-height-default\" data-id=\"57b7625\" data-element_type=\"section\" data-e-type=\"section\">\n\t\t\t\t\t\t<div class=\"elementor-container elementor-column-gap-default\">\n\t\t\t\t\t<div class=\"elementor-column elementor-col-100 elementor-top-column elementor-element elementor-element-d75c4a1\" data-id=\"d75c4a1\" data-element_type=\"column\" data-e-type=\"column\">\n\t\t\t<div class=\"elementor-widget-wrap elementor-element-populated\">\n\t\t\t\t\t\t<div class=\"elementor-element elementor-element-b2ffdbe elementor-widget elementor-widget-text-editor\" data-id=\"b2ffdbe\" data-element_type=\"widget\" data-e-type=\"widget\" data-widget_type=\"text-editor.default\">\n\t\t\t\t<div class=\"elementor-widget-container\">\n\t\t\t\t\t\t\t\t\t<p>EL RECTOR DE LA UNIVERSIDAD NACIONAL DE SALTA<br \/>RESUELVE:<br \/>Convocar a Concurso Excepcional de antecedentes y pruebas de oposici\u00f3n para el personal contratado y para el personal no docente en car\u00e1cter de no permanente de la SEDE REGIONAL METAN \u2013 ROSARIO DE LA FRONTERA de esta Universidad, a los efectos de cubrir un (1) cargo de AUXILIAR DE MANTENIMIENTO, Categor\u00edas 7 perteneciente al Agrupamiento Mantenimiento, producci\u00f3n y servicios generales de la planta del personal no docente con asiento en Rosario de la Frontera de la mencionada Sede de esta Universidad.<\/p><p><b>Publicidad:\u00a0<\/b>desde el 30 de mayo al 12 de junio de 2024.<\/p><p><b>Informaci\u00f3n, inscripci\u00f3n y presentaci\u00f3n de antecedentes:<\/b>\u00a0desde el 13 al 18 de junio de\u00a02024, en el horario de 09:00 a 12:30 horas. en las oficinas administrativas de la SEDE\u00a0REGIONAL METAN \u2013 ROSARIO DE LA FRONTERA\u00a0con asiento en Met\u00e1n y en Rosario\u00a0de la Frontera respectivamente.<\/p><p>El interesado deber\u00e1 presentar una nota dirigida al Sr. Rector solicitando su inscripci\u00f3n con todos sus datos personales incluido correo electr\u00f3nico y el lugar donde presta servicios, y en un sobre su Curriculum Vitae y sus antecedentes debidamente autenticados por Escribano o en su defecto por la autoridad que corresponda.<\/p><p><b>Publicaci\u00f3n de los aspirantes:<\/b>\u00a0desde 24 al 28 de junio de 2024,\u00a0en las carteleras de la\u00a0SEDE REGIONAL METAN \u2013 ROSARIO DE LA FRONTERA con asiento en Met\u00e1n y en\u00a0Rosario de la Frontera respectivamente.<\/p><p>R<b>ecusaci\u00f3n y Excusaci\u00f3n del Jurado:\u00a0<\/b>desde el 24 al 28 de junio de 2024.<\/p><p><b>Lugar y fecha de Examen:<\/b> Lugar a determinar, el d\u00eda 24 de julio de 2024, a las 10:00 horas.<\/p><p><strong>Plazo y Expedici\u00f3n del Jurado:<\/strong>\u00a0hasta un m\u00e1ximo de cinco (5) d\u00edas h\u00e1biles posteriores al\u00a0cumplimiento de las etapas del Concurso (Art. N0 30 \u2013 Res. N0 230\/08).<\/p><p><strong>Publicidad del Dictamen:<\/strong>\u00a0tres (3) d\u00edas h\u00e1biles posteriores a la expedici\u00f3n del Jurado.<\/p><p><strong>Periodo de impugnaci\u00f3n:<\/strong>\u00a0cinco (5) d\u00edas h\u00e1biles posteriores a la publicaci\u00f3n.<\/p><p><strong>Integrantes del jurado que atender\u00e1 al llamado a concurso en cuesti\u00f3n son:<\/strong><\/p><p><strong>TITULARES<\/strong><br \/>Santiago Felipe TEJERINA DORADO \u2013 Secretaria de Obras, Servicios y Mantenimiento.<br \/>Mario Alfredo ROMERO \u2013 Secretaria de Obras, Servicios y Mantenimiento.<br \/>Jorge Oreste VILLA \u2013 Facultad de Ciencias Econ\u00f3micas, Jur\u00eddicas y Sociales.<br \/><strong>SUPLENTES<\/strong><br \/>Leonardo Pedro MORUCHI \u2013 Secretaria de Obras, Servicios y Mantenimiento.<br \/>Carlos Exequiel RAMOS \u2013 Facultad de Ingenier\u00eda.<br \/>Gabriel Ernesto MONTEROS \u2013 Facultad de Ciencias Econ\u00f3micas, Jur\u00eddicas y Sociales.<\/p><p>Link de la resoluci\u00f3n R-DR-2024-0843:<\/p><p><span style=\"color: #0000ff;\"><a style=\"color: #0000ff;\" href=\"http:\/\/bo.unsa.edu.ar\/dr\/R2024\/R-DR-2024-0843.pdf\">http:\/\/bo.unsa.edu.ar\/dr\/R2024\/R-DR-2024-0843.pdf<\/a><\/span><\/p>\t\t\t\t\t\t\t\t<\/div>\n\t\t\t\t<\/div>\n\t\t\t\t\t<\/div>\n\t\t<\/div>\n\t\t\t\t\t<\/div>\n\t\t<\/section>\n\t\t\t\t<\/div>\n\t\t","protected":false},"excerpt":{"rendered":"<p>EL RECTOR DE LA UNIVERSIDAD NACIONAL DE SALTARESUELVE:Convocar a Concurso Excepcional de antecedentes y pruebas de oposici\u00f3n para el personal contratado y para el personal no docente en car\u00e1cter de no permanente de la SEDE REGIONAL METAN \u2013 ROSARIO DE <a href=\"https:\/\/sedesur.unsa.edu.ar\/index.php\/2024\/05\/31\/llamado-a-cubrir-1-un-cargo-de-auxiliar-de-mantenimiento\/\" class=\"read-more\">Leer mas &#8230;<\/a><\/p>\n","protected":false},"author":3,"featured_media":0,"comment_status":"closed","ping_status":"closed","sticky":false,"template":"","format":"standard","meta":{"footnotes":""},"categories":[30,23,46],"tags":[],"class_list":["post-5147","post","type-post","status-publish","format-standard","hentry","category-concursospau","category-novedades","category-pau"],"_links":{"self":[{"href":"https:\/\/sedesur.unsa.edu.ar\/index.php\/wp-json\/wp\/v2\/posts\/5147","targetHints":{"allow":["GET"]}}],"collection":[{"href":"https:\/\/sedesur.unsa.edu.ar\/index.php\/wp-json\/wp\/v2\/posts"}],"about":[{"href":"https:\/\/sedesur.unsa.edu.ar\/index.php\/wp-json\/wp\/v2\/types\/post"}],"author":[{"embeddable":true,"href":"https:\/\/sedesur.unsa.edu.ar\/index.php\/wp-json\/wp\/v2\/users\/3"}],"replies":[{"embeddable":true,"href":"https:\/\/sedesur.unsa.edu.ar\/index.php\/wp-json\/wp\/v2\/comments?post=5147"}],"version-history":[{"count":4,"href":"https:\/\/sedesur.unsa.edu.ar\/index.php\/wp-json\/wp\/v2\/posts\/5147\/revisions"}],"predecessor-version":[{"id":5151,"href":"https:\/\/sedesur.unsa.edu.ar\/index.php\/wp-json\/wp\/v2\/posts\/5147\/revisions\/5151"}],"wp:attachment":[{"href":"https:\/\/sedesur.unsa.edu.ar\/index.php\/wp-json\/wp\/v2\/media?parent=5147"}],"wp:term":[{"taxonomy":"category","embeddable":true,"href":"https:\/\/sedesur.unsa.edu.ar\/index.php\/wp-json\/wp\/v2\/categories?post=5147"},{"taxonomy":"post_tag","embeddable":true,"href":"https:\/\/sedesur.unsa.edu.ar\/index.php\/wp-json\/wp\/v2\/tags?post=5147"}],"curies":[{"name":"wp","href":"https:\/\/api.w.org\/{rel}","templated":true}]}}