{"id":5132,"date":"2024-05-31T12:01:26","date_gmt":"2024-05-31T15:01:26","guid":{"rendered":"https:\/\/sedesur.unsa.edu.ar\/?p=5132"},"modified":"2024-05-31T12:43:23","modified_gmt":"2024-05-31T15:43:23","slug":"llamado-a-cubrir-2dos-cargos-de-auxiliar-administrativo","status":"publish","type":"post","link":"https:\/\/sedesur.unsa.edu.ar\/index.php\/2024\/05\/31\/llamado-a-cubrir-2dos-cargos-de-auxiliar-administrativo\/","title":{"rendered":"LLAMADO A CUBRIR 2(DOS) CARGOS DE AUXILIAR ADMINISTRATIVO"},"content":{"rendered":"\t\t<div data-elementor-type=\"wp-post\" data-elementor-id=\"5132\" class=\"elementor elementor-5132\">\n\t\t\t\t\t\t<section class=\"elementor-section elementor-top-section elementor-element elementor-element-20851aa elementor-section-boxed elementor-section-height-default elementor-section-height-default\" data-id=\"20851aa\" data-element_type=\"section\" data-e-type=\"section\">\n\t\t\t\t\t\t<div class=\"elementor-container elementor-column-gap-default\">\n\t\t\t\t\t<div class=\"elementor-column elementor-col-100 elementor-top-column elementor-element elementor-element-886efe5\" data-id=\"886efe5\" data-element_type=\"column\" data-e-type=\"column\">\n\t\t\t<div class=\"elementor-widget-wrap elementor-element-populated\">\n\t\t\t\t\t\t<div class=\"elementor-element elementor-element-89cde81 elementor-widget elementor-widget-text-editor\" data-id=\"89cde81\" data-element_type=\"widget\" data-e-type=\"widget\" data-widget_type=\"text-editor.default\">\n\t\t\t\t<div class=\"elementor-widget-container\">\n\t\t\t\t\t\t\t\t\t<p>EL RECTOR DE LA UNIVERSIDAD NACIONAL DE SALTA<br \/>RESUELVE:<br \/>Convocar a Concurso Excepcional de antecedentes y pruebas de oposici\u00f3n para el personal contratado y para el personal nodocente en car\u00e1cter de no permanente de la SEDE REGIONAL METAN &#8211; ROSARIO DE LA FRONTERA de esta Universidad, a los efectos de cubrir dos (2) cargos de AUXILIAR ADMINISTRATIVO, Categor\u00edas 7 pertenecientes al Agrupamiento Administrativo de la planta del personal nodocente con asiento en Met\u00e1n de la mencionada Sede de esta Universidad.<\/p><p><b>Publicidad: <\/b>desde el 30 de mayo al 12 de junio de 2024.<\/p><p><b>Informaci\u00f3n, inscripci\u00f3n y presentaci\u00f3n de antecedentes:<\/b> desde el 13 al 18 de junio de\u00a0<span style=\"font-family: var( --e-global-typography-text-font-family ), Sans-serif; font-weight: var( --e-global-typography-text-font-weight );\">2024, en el horario de 09:00 a 12:30 horas. en las oficinas administrativas de la SEDE\u00a0<\/span><span style=\"font-family: var( --e-global-typography-text-font-family ), Sans-serif; font-weight: var( --e-global-typography-text-font-weight );\">REGIONAL METAN &#8211; ROSARIO DE LA FRONTERA\u00a0<\/span><span style=\"font-family: var( --e-global-typography-text-font-family ), Sans-serif; font-weight: var( --e-global-typography-text-font-weight );\">con asiento en Met\u00e1n y en Rosario\u00a0<\/span><span style=\"font-family: var( --e-global-typography-text-font-family ), Sans-serif; font-weight: var( --e-global-typography-text-font-weight );\">de la Frontera respectivamente.<\/span><\/p><p>El interesado deber presentar una nota dirigida al Sr. Rector solicitando su inscripci\u00f3n\u00a0<span style=\"font-family: var( --e-global-typography-text-font-family ), Sans-serif; font-weight: var( --e-global-typography-text-font-weight );\">con todos sus datos personales incluido correo electr\u00f3nico y el lugar donde presta\u00a0<\/span><span style=\"font-family: var( --e-global-typography-text-font-family ), Sans-serif; font-weight: var( --e-global-typography-text-font-weight );\">servicios, y en un sobre su Curriculum Vitae y sus antecedentes debidamente\u00a0<\/span><span style=\"font-family: var( --e-global-typography-text-font-family ), Sans-serif; font-weight: var( --e-global-typography-text-font-weight );\">autenticados por Escribano o en su defecto por la autoridad que corresponda.<\/span><\/p><p><b>Publicaci\u00f3n de los aspirantes:<\/b> desde 24 al 28 de junio de 2024,\u00a0<span style=\"font-family: var( --e-global-typography-text-font-family ), Sans-serif; font-weight: var( --e-global-typography-text-font-weight );\">en las carteleras de la\u00a0<\/span><span style=\"font-family: var( --e-global-typography-text-font-family ), Sans-serif; font-weight: var( --e-global-typography-text-font-weight );\">SEDE REGIONAL METAN &#8211; ROSARIO DE LA FRONTERA con asiento en Met\u00e1n y en\u00a0<\/span><span style=\"font-family: var( --e-global-typography-text-font-family ), Sans-serif; font-weight: var( --e-global-typography-text-font-weight );\">Rosario de la Frontera respectivamente.<\/span><\/p><p>R<b>ecusaci\u00f3n y Excusaci\u00f3n del Jurado: <\/b>desde el 24 al 28 de junio de 2024.<\/p><p><b>Lugar y fecha de Examen:<\/b> Lugar a determinar, el d\u00eda 4 de julio de 2024, a las 10:00 horas.<\/p><p><strong>Plazo y Expedici\u00f3n del Jurado:<\/strong> hasta un m\u00e1ximo de cinco (5) d\u00edas h\u00e1biles posteriores al\u00a0<span style=\"font-family: var( --e-global-typography-text-font-family ), Sans-serif; font-weight: var( --e-global-typography-text-font-weight );\">cumplimiento de las etapas del Concurso (Art. N0 30 &#8211; Res. N0 230\/08).<\/span><\/p><p><strong>Publicidad del Dictamen:<\/strong> tres (3) d\u00edas h\u00e1biles posteriores a la expedici\u00f3n del Jurado.<\/p><p><strong>Periodo de impugnaci\u00f3n:<\/strong> cinco (5) d\u00edas h\u00e1biles posteriores a la publicaci\u00f3n.<\/p><p><strong>Integrantes del jurado que atender\u00e1 al llamado a concurso en cuesti\u00f3n son:<\/strong><\/p><p><strong>TITULARES<\/strong><br \/>Claudio Guillermo CORREGIDOR &#8211; Secretaria de Extensi\u00f3n Universitaria.<br \/>Maria Bettina SAADE TOBIAS &#8211; Sede Regional Met\u00e1n &#8211; Rosario de la Frontera.<br \/>Gabriela DONAIRE &#8211; Facultad de Ciencias de la Salud.<br \/><strong>SUPLENTES<\/strong><br \/>Maria Rosaura LUNA &#8211; Sede Regional Met\u00e1n &#8211; Rosario de la Frontera.<br \/>Mauro Ezequiel ANDRADA &#8211; Facultad de Ciencias Exactas.<br \/>Carlos Exequiel RAMOS &#8211; Facultad de Ingenier\u00eda.<\/p><p><span style=\"font-family: 'Open Sans', sans-serif; font-size: 12pt;\">Link de la resoluci\u00f3n\u00a0<\/span><span style=\"font-family: 'Open Sans', sans-serif;\">R-DR-2024-0842:<\/span><\/p><p><span style=\"font-family: 'Open Sans', sans-serif;\"><span style=\"color: #0000ff;\"><a style=\"color: #0000ff;\" href=\"https:\/\/sedesur.unsa.edu.ar\/wp-content\/uploads\/2024\/05\/R-DR-2024-0842.pdf\">https:\/\/sedesur.unsa.edu.ar\/wp-content\/uploads\/2024\/05\/R-DR-2024-0842.pdf<\/a><\/span><br \/><\/span><\/p>\t\t\t\t\t\t\t\t<\/div>\n\t\t\t\t<\/div>\n\t\t\t\t\t<\/div>\n\t\t<\/div>\n\t\t\t\t\t<\/div>\n\t\t<\/section>\n\t\t\t\t<\/div>\n\t\t","protected":false},"excerpt":{"rendered":"<p>EL RECTOR DE LA UNIVERSIDAD NACIONAL DE SALTARESUELVE:Convocar a Concurso Excepcional de antecedentes y pruebas de oposici\u00f3n para el personal contratado y para el personal nodocente en car\u00e1cter de no permanente de la SEDE REGIONAL METAN &#8211; ROSARIO DE LA <a href=\"https:\/\/sedesur.unsa.edu.ar\/index.php\/2024\/05\/31\/llamado-a-cubrir-2dos-cargos-de-auxiliar-administrativo\/\" class=\"read-more\">Leer mas &#8230;<\/a><\/p>\n","protected":false},"author":3,"featured_media":0,"comment_status":"closed","ping_status":"closed","sticky":false,"template":"","format":"standard","meta":{"footnotes":""},"categories":[30,46],"tags":[],"class_list":["post-5132","post","type-post","status-publish","format-standard","hentry","category-concursospau","category-pau"],"_links":{"self":[{"href":"https:\/\/sedesur.unsa.edu.ar\/index.php\/wp-json\/wp\/v2\/posts\/5132","targetHints":{"allow":["GET"]}}],"collection":[{"href":"https:\/\/sedesur.unsa.edu.ar\/index.php\/wp-json\/wp\/v2\/posts"}],"about":[{"href":"https:\/\/sedesur.unsa.edu.ar\/index.php\/wp-json\/wp\/v2\/types\/post"}],"author":[{"embeddable":true,"href":"https:\/\/sedesur.unsa.edu.ar\/index.php\/wp-json\/wp\/v2\/users\/3"}],"replies":[{"embeddable":true,"href":"https:\/\/sedesur.unsa.edu.ar\/index.php\/wp-json\/wp\/v2\/comments?post=5132"}],"version-history":[{"count":4,"href":"https:\/\/sedesur.unsa.edu.ar\/index.php\/wp-json\/wp\/v2\/posts\/5132\/revisions"}],"predecessor-version":[{"id":5138,"href":"https:\/\/sedesur.unsa.edu.ar\/index.php\/wp-json\/wp\/v2\/posts\/5132\/revisions\/5138"}],"wp:attachment":[{"href":"https:\/\/sedesur.unsa.edu.ar\/index.php\/wp-json\/wp\/v2\/media?parent=5132"}],"wp:term":[{"taxonomy":"category","embeddable":true,"href":"https:\/\/sedesur.unsa.edu.ar\/index.php\/wp-json\/wp\/v2\/categories?post=5132"},{"taxonomy":"post_tag","embeddable":true,"href":"https:\/\/sedesur.unsa.edu.ar\/index.php\/wp-json\/wp\/v2\/tags?post=5132"}],"curies":[{"name":"wp","href":"https:\/\/api.w.org\/{rel}","templated":true}]}}