{"id":4360,"date":"2023-06-08T08:37:56","date_gmt":"2023-06-08T11:37:56","guid":{"rendered":"https:\/\/sedesur.unsa.edu.ar\/?p=4360"},"modified":"2023-06-08T08:38:52","modified_gmt":"2023-06-08T11:38:52","slug":"concurso-federal-de-ideas-proyecto-divulgacion-cientifica","status":"publish","type":"post","link":"https:\/\/sedesur.unsa.edu.ar\/index.php\/2023\/06\/08\/concurso-federal-de-ideas-proyecto-divulgacion-cientifica\/","title":{"rendered":"CONCURSO FEDERAL DE IDEAS PROYECTO. DIVULGACI\u00d3N CIENT\u00cdFICA."},"content":{"rendered":"\t\t<div data-elementor-type=\"wp-post\" data-elementor-id=\"4360\" class=\"elementor elementor-4360\">\n\t\t\t\t\t\t<section class=\"elementor-section elementor-top-section elementor-element elementor-element-684eb9e elementor-section-boxed elementor-section-height-default elementor-section-height-default\" data-id=\"684eb9e\" data-element_type=\"section\" data-e-type=\"section\">\n\t\t\t\t\t\t<div class=\"elementor-container elementor-column-gap-default\">\n\t\t\t\t\t<div class=\"elementor-column elementor-col-100 elementor-top-column elementor-element elementor-element-91ff822\" data-id=\"91ff822\" data-element_type=\"column\" data-e-type=\"column\">\n\t\t\t<div class=\"elementor-widget-wrap elementor-element-populated\">\n\t\t\t\t\t\t<div class=\"elementor-element elementor-element-0cf8ce9 elementor-widget elementor-widget-text-editor\" data-id=\"0cf8ce9\" data-element_type=\"widget\" data-e-type=\"widget\" data-widget_type=\"text-editor.default\">\n\t\t\t\t<div class=\"elementor-widget-container\">\n\t\t\t\t\t\t\t\t\t<p>CONCURSO FEDERAL DE IDEAS PROYECTO<br \/><br \/>.DIVULGACI\u00d3N CIENT\u00cdFICA.<br \/><br \/><br \/>Se trata de un concurso federal de ideas-proyecto de divulgaci\u00f3n cient\u00edfica vinculados a proyectos de investigaci\u00f3n en curso. Est\u00e1 dirigido a investigadores\/as que tienen un proyecto PICT de Categori.as Investigador Inicial\/Joven y Grupos de Reciente Formacio.n de las convocatorias PICT 2018, 2019 y 2020.<br \/><br \/><br \/>\u00bfC\u00f3mo participar?<br \/><br \/>Presentando una Idea-Proyecto para la divulgaci\u00f3n de conocimiento, m\u00e9todos y\/o resultados de la investigaci\u00f3n cient\u00edfica en curso ligadas a Proyectos de Investigaci\u00f3n Cient\u00edfica y Tecnol\u00f3gica (PICT).<br \/><br \/><br \/>Bases y condiciones<\/p><p><span style=\"color: #0000ff;\"><a style=\"color: #0000ff;\" href=\"http:\/\/url1332.cin.edu.ar\/ls\/click?upn=ZUQMDxge5bSYvfSNsc3alpkaDUYKXDAkpoIzJm6CpFs3hPjJG-2FJqN1-2FT4EdOI22b4HMdQrBEJooVJRTqfwhE4e-2Fg90u2YT-2Ffy7AJpKujHHeWP1DLghuaa7H2ooxmiAg0GZDe_3qBJFL0b-2FCe1SU-2BpeinPiRdWwgitn6ZbO5jWGzBRjWZ8vUtXeEx-2BmGq4PaeI3R7I4fcxkx8aocwCgyB-2BB-2BbguSvkTTXqxJWm48YYYrVtaNQ4C2BZRR0aCMOZgFFcCQ3NIx4Wzoc1mDcRu-2Bk54XWmymlNJIpJ-2FR4TjaT7KQKfQuPw5ETdEyy0FxDLY3TNWjGCQTDUL-2FhvZoQ3aCWY5tjXDg-3D-3D\">http:\/\/url1332.cin.edu.ar\/ls\/click?upn=ZUQMDxge5bSYvfSNsc3alpkaDUYKXDAkpoIzJm6CpFs3hPjJG-2FJqN1-2FT4EdOI22b4HMdQrBEJooVJRTqfwhE4e-2Fg90u2YT-2Ffy7AJpKujHHeWP1DLghuaa7H2ooxmiAg0GZDe_3qBJFL0b-2FCe1SU-2BpeinPiRdWwgitn6ZbO5jWGzBRjWZ8vUtXeEx-2BmGq4PaeI3R7I4fcxkx8aocwCgyB-2BB-2BbguSvkTTXqxJWm48YYYrVtaNQ4C2BZRR0aCMOZgFFcCQ3NIx4Wzoc1mDcRu-2Bk54XWmymlNJIpJ-2FR4TjaT7KQKfQuPw5ETdEyy0FxDLY3TNWjGCQTDUL-2FhvZoQ3aCWY5tjXDg-3D-3D<\/a><\/span><\/p><p>Se espera que las Ideas-Proyecto propongan experiencias transformadoras tanto para los investigadores involucrados como para los p\u00fablicos a los que estar\u00e1n dirigidas as\u00ed como que incorpore metodolog\u00edas novedosas y que responda en su dise\u00f1o a formatos convocantes para la divulgaci\u00f3n cient\u00edfica.<br \/><br \/><br \/>Premio<br \/><br \/>15 premios de $ 500.000<br \/><br \/>\u00a0 \u00a0 \u00a0 \u00a0 menciones honor\u00edficas a otras Ideas-Proyecto<br \/><br \/><br \/>M\u00e1s informaci\u00f3n en\u00a0<span style=\"color: #0000ff;\"><a style=\"color: #0000ff;\" href=\"http:\/\/agencia.mincyt.gob.ar\">http:\/\/agencia.mincyt.gob.ar<\/a><\/span><\/p><p>\u00a0<\/p>\t\t\t\t\t\t\t\t<\/div>\n\t\t\t\t<\/div>\n\t\t\t\t\t<\/div>\n\t\t<\/div>\n\t\t\t\t\t<\/div>\n\t\t<\/section>\n\t\t\t\t<\/div>\n\t\t","protected":false},"excerpt":{"rendered":"<p>CONCURSO FEDERAL DE IDEAS PROYECTO .DIVULGACI\u00d3N CIENT\u00cdFICA. Se trata de un concurso federal de ideas-proyecto de divulgaci\u00f3n cient\u00edfica vinculados a proyectos de investigaci\u00f3n en curso. Est\u00e1 dirigido a investigadores\/as que tienen un proyecto PICT de Categori.as Investigador Inicial\/Joven y Grupos <a href=\"https:\/\/sedesur.unsa.edu.ar\/index.php\/2023\/06\/08\/concurso-federal-de-ideas-proyecto-divulgacion-cientifica\/\" class=\"read-more\">Leer mas &#8230;<\/a><\/p>\n","protected":false},"author":3,"featured_media":0,"comment_status":"closed","ping_status":"closed","sticky":false,"template":"","format":"standard","meta":{"footnotes":""},"categories":[24,28,25,23,29],"tags":[],"class_list":["post-4360","post","type-post","status-publish","format-standard","hentry","category-becas","category-docentes","category-estudiantes","category-novedades","category-proyectosdocentes"],"_links":{"self":[{"href":"https:\/\/sedesur.unsa.edu.ar\/index.php\/wp-json\/wp\/v2\/posts\/4360","targetHints":{"allow":["GET"]}}],"collection":[{"href":"https:\/\/sedesur.unsa.edu.ar\/index.php\/wp-json\/wp\/v2\/posts"}],"about":[{"href":"https:\/\/sedesur.unsa.edu.ar\/index.php\/wp-json\/wp\/v2\/types\/post"}],"author":[{"embeddable":true,"href":"https:\/\/sedesur.unsa.edu.ar\/index.php\/wp-json\/wp\/v2\/users\/3"}],"replies":[{"embeddable":true,"href":"https:\/\/sedesur.unsa.edu.ar\/index.php\/wp-json\/wp\/v2\/comments?post=4360"}],"version-history":[{"count":4,"href":"https:\/\/sedesur.unsa.edu.ar\/index.php\/wp-json\/wp\/v2\/posts\/4360\/revisions"}],"predecessor-version":[{"id":4364,"href":"https:\/\/sedesur.unsa.edu.ar\/index.php\/wp-json\/wp\/v2\/posts\/4360\/revisions\/4364"}],"wp:attachment":[{"href":"https:\/\/sedesur.unsa.edu.ar\/index.php\/wp-json\/wp\/v2\/media?parent=4360"}],"wp:term":[{"taxonomy":"category","embeddable":true,"href":"https:\/\/sedesur.unsa.edu.ar\/index.php\/wp-json\/wp\/v2\/categories?post=4360"},{"taxonomy":"post_tag","embeddable":true,"href":"https:\/\/sedesur.unsa.edu.ar\/index.php\/wp-json\/wp\/v2\/tags?post=4360"}],"curies":[{"name":"wp","href":"https:\/\/api.w.org\/{rel}","templated":true}]}}