{"id":4173,"date":"2023-03-22T13:31:55","date_gmt":"2023-03-22T16:31:55","guid":{"rendered":"https:\/\/sedesur.unsa.edu.ar\/?p=4173"},"modified":"2023-03-22T13:32:00","modified_gmt":"2023-03-22T16:32:00","slug":"nuevos-convenios-con-empresas-del-medio","status":"publish","type":"post","link":"https:\/\/sedesur.unsa.edu.ar\/index.php\/2023\/03\/22\/nuevos-convenios-con-empresas-del-medio\/","title":{"rendered":"NUEVOS CONVENIOS CON EMPRESAS DEL MEDIO"},"content":{"rendered":"\t\t<div data-elementor-type=\"wp-post\" data-elementor-id=\"4173\" class=\"elementor elementor-4173\">\n\t\t\t\t\t\t<section class=\"elementor-section elementor-top-section elementor-element elementor-element-a079411 elementor-section-boxed elementor-section-height-default elementor-section-height-default\" data-id=\"a079411\" data-element_type=\"section\" data-e-type=\"section\">\n\t\t\t\t\t\t<div class=\"elementor-container elementor-column-gap-default\">\n\t\t\t\t\t<div class=\"elementor-column elementor-col-100 elementor-top-column elementor-element elementor-element-0c15b3c\" data-id=\"0c15b3c\" data-element_type=\"column\" data-e-type=\"column\">\n\t\t\t<div class=\"elementor-widget-wrap elementor-element-populated\">\n\t\t\t\t\t\t<div class=\"elementor-element elementor-element-30a4b5b elementor-widget elementor-widget-text-editor\" data-id=\"30a4b5b\" data-element_type=\"widget\" data-e-type=\"widget\" data-widget_type=\"text-editor.default\">\n\t\t\t\t<div class=\"elementor-widget-container\">\n\t\t\t\t\t\t\t\t\t<p>Continuando con la realizaci\u00f3n de firma de Convenios con las empresas del medio, en la ma\u00f1ana de hoy, Mi\u00e9rcoles 22\/03\/23, la Directora Ing. Irma Zulema Mart\u00ednez en conjunto con la Secretaria de Sede TEU Elsa Mariana Burgos y el Secretario de Extensi\u00f3n y Bienestar Prof. Rolando Vera, firmaron un Acta Compromiso con la empresa AMASUYO, representada por el Sr. Sebasti\u00e1n Reynaga presidente del Directorio de la misma, para que dos alumnos de la Tecnicatura Universitaria en Tecnolog\u00eda de los Alimentos, de nuestra sede, realicen su pr\u00e1ctica de f\u00e1brica en la mencionada organizaci\u00f3n.<\/p><p>Cabe destacar que se desempe\u00f1ar\u00e1n como tutores de los alumnos, por parte de la Empresa la TUTA\u00a0 Estefan\u00eda Leal N\u00fa\u00f1ez graduada de nuestra Sede que actualmente se encuentra desempe\u00f1\u00e1ndose profesionalmente en AMASUYO, y por parte de la Universidad la Dra. Norma Moraga y el Ing. Walter Tejerina.<\/p><p>Auguramos el mayor de los \u00e9xitos tanto para nuestros graduados como para los futuros profesionales que est\u00e1n tan cerca de obtener su t\u00edtulo.<\/p>\t\t\t\t\t\t\t\t<\/div>\n\t\t\t\t<\/div>\n\t\t\t\t\t<\/div>\n\t\t<\/div>\n\t\t\t\t\t<\/div>\n\t\t<\/section>\n\t\t\t\t<section class=\"elementor-section elementor-top-section elementor-element elementor-element-51d0867 elementor-section-boxed elementor-section-height-default elementor-section-height-default\" data-id=\"51d0867\" data-element_type=\"section\" data-e-type=\"section\">\n\t\t\t\t\t\t<div class=\"elementor-container elementor-column-gap-default\">\n\t\t\t\t\t<div class=\"elementor-column elementor-col-33 elementor-top-column elementor-element elementor-element-0b19ecd\" data-id=\"0b19ecd\" data-element_type=\"column\" data-e-type=\"column\">\n\t\t\t<div class=\"elementor-widget-wrap elementor-element-populated\">\n\t\t\t\t\t\t<div class=\"elementor-element elementor-element-8ca3b1d elementor-widget elementor-widget-image\" data-id=\"8ca3b1d\" data-element_type=\"widget\" data-e-type=\"widget\" data-widget_type=\"image.default\">\n\t\t\t\t<div class=\"elementor-widget-container\">\n\t\t\t\t\t\t\t\t\t\t\t\t\t\t\t<img fetchpriority=\"high\" decoding=\"async\" width=\"847\" height=\"476\" src=\"https:\/\/sedesur.unsa.edu.ar\/wp-content\/uploads\/2023\/03\/WhatsApp-Image-2023-03-22-at-12.07.41-1024x576.jpeg\" class=\"attachment-large size-large wp-image-4175\" alt=\"\" srcset=\"https:\/\/sedesur.unsa.edu.ar\/wp-content\/uploads\/2023\/03\/WhatsApp-Image-2023-03-22-at-12.07.41-1024x576.jpeg 1024w, https:\/\/sedesur.unsa.edu.ar\/wp-content\/uploads\/2023\/03\/WhatsApp-Image-2023-03-22-at-12.07.41-300x169.jpeg 300w, https:\/\/sedesur.unsa.edu.ar\/wp-content\/uploads\/2023\/03\/WhatsApp-Image-2023-03-22-at-12.07.41-768x432.jpeg 768w, https:\/\/sedesur.unsa.edu.ar\/wp-content\/uploads\/2023\/03\/WhatsApp-Image-2023-03-22-at-12.07.41-360x203.jpeg 360w, https:\/\/sedesur.unsa.edu.ar\/wp-content\/uploads\/2023\/03\/WhatsApp-Image-2023-03-22-at-12.07.41.jpeg 1280w\" sizes=\"(max-width: 847px) 100vw, 847px\" \/>\t\t\t\t\t\t\t\t\t\t\t\t\t\t\t<\/div>\n\t\t\t\t<\/div>\n\t\t\t\t\t<\/div>\n\t\t<\/div>\n\t\t\t\t<div class=\"elementor-column elementor-col-33 elementor-top-column elementor-element elementor-element-fc6b04f\" data-id=\"fc6b04f\" data-element_type=\"column\" data-e-type=\"column\">\n\t\t\t<div class=\"elementor-widget-wrap elementor-element-populated\">\n\t\t\t\t\t\t<div class=\"elementor-element elementor-element-b4bf018 elementor-widget elementor-widget-image\" data-id=\"b4bf018\" data-element_type=\"widget\" data-e-type=\"widget\" data-widget_type=\"image.default\">\n\t\t\t\t<div class=\"elementor-widget-container\">\n\t\t\t\t\t\t\t\t\t\t\t\t\t\t\t<img decoding=\"async\" width=\"847\" height=\"476\" src=\"https:\/\/sedesur.unsa.edu.ar\/wp-content\/uploads\/2023\/03\/WhatsApp-Image-2023-03-22-at-12.07.46-1024x576.jpeg\" class=\"attachment-large size-large wp-image-4177\" alt=\"\" srcset=\"https:\/\/sedesur.unsa.edu.ar\/wp-content\/uploads\/2023\/03\/WhatsApp-Image-2023-03-22-at-12.07.46-1024x576.jpeg 1024w, https:\/\/sedesur.unsa.edu.ar\/wp-content\/uploads\/2023\/03\/WhatsApp-Image-2023-03-22-at-12.07.46-300x169.jpeg 300w, https:\/\/sedesur.unsa.edu.ar\/wp-content\/uploads\/2023\/03\/WhatsApp-Image-2023-03-22-at-12.07.46-768x432.jpeg 768w, https:\/\/sedesur.unsa.edu.ar\/wp-content\/uploads\/2023\/03\/WhatsApp-Image-2023-03-22-at-12.07.46-360x203.jpeg 360w, https:\/\/sedesur.unsa.edu.ar\/wp-content\/uploads\/2023\/03\/WhatsApp-Image-2023-03-22-at-12.07.46.jpeg 1280w\" sizes=\"(max-width: 847px) 100vw, 847px\" \/>\t\t\t\t\t\t\t\t\t\t\t\t\t\t\t<\/div>\n\t\t\t\t<\/div>\n\t\t\t\t\t<\/div>\n\t\t<\/div>\n\t\t\t\t<div class=\"elementor-column elementor-col-33 elementor-top-column elementor-element elementor-element-89aa115\" data-id=\"89aa115\" data-element_type=\"column\" data-e-type=\"column\">\n\t\t\t<div class=\"elementor-widget-wrap elementor-element-populated\">\n\t\t\t\t\t\t<div class=\"elementor-element elementor-element-8a286b4 elementor-widget elementor-widget-image\" data-id=\"8a286b4\" data-element_type=\"widget\" data-e-type=\"widget\" data-widget_type=\"image.default\">\n\t\t\t\t<div class=\"elementor-widget-container\">\n\t\t\t\t\t\t\t\t\t\t\t\t\t\t\t<img decoding=\"async\" width=\"847\" height=\"476\" src=\"https:\/\/sedesur.unsa.edu.ar\/wp-content\/uploads\/2023\/03\/WhatsApp-Image-2023-03-22-at-12.07.37-1024x576.jpeg\" class=\"attachment-large size-large wp-image-4176\" alt=\"\" srcset=\"https:\/\/sedesur.unsa.edu.ar\/wp-content\/uploads\/2023\/03\/WhatsApp-Image-2023-03-22-at-12.07.37-1024x576.jpeg 1024w, https:\/\/sedesur.unsa.edu.ar\/wp-content\/uploads\/2023\/03\/WhatsApp-Image-2023-03-22-at-12.07.37-300x169.jpeg 300w, https:\/\/sedesur.unsa.edu.ar\/wp-content\/uploads\/2023\/03\/WhatsApp-Image-2023-03-22-at-12.07.37-768x432.jpeg 768w, https:\/\/sedesur.unsa.edu.ar\/wp-content\/uploads\/2023\/03\/WhatsApp-Image-2023-03-22-at-12.07.37-360x203.jpeg 360w, https:\/\/sedesur.unsa.edu.ar\/wp-content\/uploads\/2023\/03\/WhatsApp-Image-2023-03-22-at-12.07.37.jpeg 1280w\" sizes=\"(max-width: 847px) 100vw, 847px\" \/>\t\t\t\t\t\t\t\t\t\t\t\t\t\t\t<\/div>\n\t\t\t\t<\/div>\n\t\t\t\t\t<\/div>\n\t\t<\/div>\n\t\t\t\t\t<\/div>\n\t\t<\/section>\n\t\t\t\t<\/div>\n\t\t","protected":false},"excerpt":{"rendered":"<p>Continuando con la realizaci\u00f3n de firma de Convenios con las empresas del medio, en la ma\u00f1ana de hoy, Mi\u00e9rcoles 22\/03\/23, la Directora Ing. Irma Zulema Mart\u00ednez en conjunto con la Secretaria de Sede TEU Elsa Mariana Burgos y el Secretario <a href=\"https:\/\/sedesur.unsa.edu.ar\/index.php\/2023\/03\/22\/nuevos-convenios-con-empresas-del-medio\/\" class=\"read-more\">Leer mas &#8230;<\/a><\/p>\n","protected":false},"author":3,"featured_media":0,"comment_status":"closed","ping_status":"closed","sticky":false,"template":"","format":"standard","meta":{"footnotes":""},"categories":[28,25,26,23,46],"tags":[],"class_list":["post-4173","post","type-post","status-publish","format-standard","hentry","category-docentes","category-estudiantes","category-ingresantes","category-novedades","category-pau"],"_links":{"self":[{"href":"https:\/\/sedesur.unsa.edu.ar\/index.php\/wp-json\/wp\/v2\/posts\/4173","targetHints":{"allow":["GET"]}}],"collection":[{"href":"https:\/\/sedesur.unsa.edu.ar\/index.php\/wp-json\/wp\/v2\/posts"}],"about":[{"href":"https:\/\/sedesur.unsa.edu.ar\/index.php\/wp-json\/wp\/v2\/types\/post"}],"author":[{"embeddable":true,"href":"https:\/\/sedesur.unsa.edu.ar\/index.php\/wp-json\/wp\/v2\/users\/3"}],"replies":[{"embeddable":true,"href":"https:\/\/sedesur.unsa.edu.ar\/index.php\/wp-json\/wp\/v2\/comments?post=4173"}],"version-history":[{"count":4,"href":"https:\/\/sedesur.unsa.edu.ar\/index.php\/wp-json\/wp\/v2\/posts\/4173\/revisions"}],"predecessor-version":[{"id":4180,"href":"https:\/\/sedesur.unsa.edu.ar\/index.php\/wp-json\/wp\/v2\/posts\/4173\/revisions\/4180"}],"wp:attachment":[{"href":"https:\/\/sedesur.unsa.edu.ar\/index.php\/wp-json\/wp\/v2\/media?parent=4173"}],"wp:term":[{"taxonomy":"category","embeddable":true,"href":"https:\/\/sedesur.unsa.edu.ar\/index.php\/wp-json\/wp\/v2\/categories?post=4173"},{"taxonomy":"post_tag","embeddable":true,"href":"https:\/\/sedesur.unsa.edu.ar\/index.php\/wp-json\/wp\/v2\/tags?post=4173"}],"curies":[{"name":"wp","href":"https:\/\/api.w.org\/{rel}","templated":true}]}}