{"id":2950,"date":"2021-05-31T01:06:00","date_gmt":"2021-05-31T04:06:00","guid":{"rendered":"http:\/\/sedesur.unsa.edu.ar\/?p=2950"},"modified":"2021-05-28T13:09:28","modified_gmt":"2021-05-28T16:09:28","slug":"31-05-dia-nacional-de-la-energia-atomica","status":"publish","type":"post","link":"https:\/\/sedesur.unsa.edu.ar\/index.php\/2021\/05\/31\/31-05-dia-nacional-de-la-energia-atomica\/","title":{"rendered":"31-05 D\u00eda Nacional de la energ\u00eda at\u00f3mica."},"content":{"rendered":"\t\t<div data-elementor-type=\"wp-post\" data-elementor-id=\"2950\" class=\"elementor elementor-2950\">\n\t\t\t\t\t\t<section class=\"elementor-section elementor-top-section elementor-element elementor-element-1a25452 elementor-section-boxed elementor-section-height-default elementor-section-height-default\" data-id=\"1a25452\" data-element_type=\"section\" data-e-type=\"section\">\n\t\t\t\t\t\t<div class=\"elementor-container elementor-column-gap-default\">\n\t\t\t\t\t<div class=\"elementor-column elementor-col-100 elementor-top-column elementor-element elementor-element-c6b8038\" data-id=\"c6b8038\" data-element_type=\"column\" data-e-type=\"column\">\n\t\t\t<div class=\"elementor-widget-wrap elementor-element-populated\">\n\t\t\t\t\t\t<div class=\"elementor-element elementor-element-3bd399c elementor-widget elementor-widget-image\" data-id=\"3bd399c\" data-element_type=\"widget\" data-e-type=\"widget\" data-widget_type=\"image.default\">\n\t\t\t\t<div class=\"elementor-widget-container\">\n\t\t\t\t\t\t\t\t\t\t\t\t\t\t\t<img fetchpriority=\"high\" decoding=\"async\" width=\"531\" height=\"337\" src=\"https:\/\/sedesur.unsa.edu.ar\/wp-content\/uploads\/2021\/05\/31-5-dia-nacional-de-la-energia-atomica.jpg\" class=\"attachment-large size-large wp-image-2952\" alt=\"\" srcset=\"https:\/\/sedesur.unsa.edu.ar\/wp-content\/uploads\/2021\/05\/31-5-dia-nacional-de-la-energia-atomica.jpg 531w, https:\/\/sedesur.unsa.edu.ar\/wp-content\/uploads\/2021\/05\/31-5-dia-nacional-de-la-energia-atomica-300x190.jpg 300w, https:\/\/sedesur.unsa.edu.ar\/wp-content\/uploads\/2021\/05\/31-5-dia-nacional-de-la-energia-atomica-360x228.jpg 360w\" sizes=\"(max-width: 531px) 100vw, 531px\" \/>\t\t\t\t\t\t\t\t\t\t\t\t\t\t\t<\/div>\n\t\t\t\t<\/div>\n\t\t\t\t\t<\/div>\n\t\t<\/div>\n\t\t\t\t\t<\/div>\n\t\t<\/section>\n\t\t\t\t<\/div>\n\t\t","protected":false},"excerpt":{"rendered":"","protected":false},"author":3,"featured_media":0,"comment_status":"closed","ping_status":"closed","sticky":false,"template":"","format":"standard","meta":{"footnotes":""},"categories":[106,23],"tags":[],"class_list":["post-2950","post","type-post","status-publish","format-standard","hentry","category-festividades","category-novedades"],"_links":{"self":[{"href":"https:\/\/sedesur.unsa.edu.ar\/index.php\/wp-json\/wp\/v2\/posts\/2950","targetHints":{"allow":["GET"]}}],"collection":[{"href":"https:\/\/sedesur.unsa.edu.ar\/index.php\/wp-json\/wp\/v2\/posts"}],"about":[{"href":"https:\/\/sedesur.unsa.edu.ar\/index.php\/wp-json\/wp\/v2\/types\/post"}],"author":[{"embeddable":true,"href":"https:\/\/sedesur.unsa.edu.ar\/index.php\/wp-json\/wp\/v2\/users\/3"}],"replies":[{"embeddable":true,"href":"https:\/\/sedesur.unsa.edu.ar\/index.php\/wp-json\/wp\/v2\/comments?post=2950"}],"version-history":[{"count":4,"href":"https:\/\/sedesur.unsa.edu.ar\/index.php\/wp-json\/wp\/v2\/posts\/2950\/revisions"}],"predecessor-version":[{"id":2955,"href":"https:\/\/sedesur.unsa.edu.ar\/index.php\/wp-json\/wp\/v2\/posts\/2950\/revisions\/2955"}],"wp:attachment":[{"href":"https:\/\/sedesur.unsa.edu.ar\/index.php\/wp-json\/wp\/v2\/media?parent=2950"}],"wp:term":[{"taxonomy":"category","embeddable":true,"href":"https:\/\/sedesur.unsa.edu.ar\/index.php\/wp-json\/wp\/v2\/categories?post=2950"},{"taxonomy":"post_tag","embeddable":true,"href":"https:\/\/sedesur.unsa.edu.ar\/index.php\/wp-json\/wp\/v2\/tags?post=2950"}],"curies":[{"name":"wp","href":"https:\/\/api.w.org\/{rel}","templated":true}]}}