{"id":1837,"date":"2020-11-12T21:21:43","date_gmt":"2020-11-13T00:21:43","guid":{"rendered":"http:\/\/sedesur.unsa.edu.ar\/?p=1837"},"modified":"2020-11-16T14:47:11","modified_gmt":"2020-11-16T17:47:11","slug":"taller-integrador-derecho-i","status":"publish","type":"post","link":"https:\/\/sedesur.unsa.edu.ar\/index.php\/2020\/11\/12\/taller-integrador-derecho-i\/","title":{"rendered":"TALLER INTEGRADOR DERECHO I"},"content":{"rendered":"\t\t<div data-elementor-type=\"wp-post\" data-elementor-id=\"1837\" class=\"elementor elementor-1837\">\n\t\t\t\t\t\t<section class=\"elementor-section elementor-top-section elementor-element elementor-element-925fb96 elementor-section-boxed elementor-section-height-default elementor-section-height-default\" data-id=\"925fb96\" data-element_type=\"section\" data-e-type=\"section\">\n\t\t\t\t\t\t<div class=\"elementor-container elementor-column-gap-default\">\n\t\t\t\t\t<div class=\"elementor-column elementor-col-100 elementor-top-column elementor-element elementor-element-a4016f0\" data-id=\"a4016f0\" data-element_type=\"column\" data-e-type=\"column\">\n\t\t\t<div class=\"elementor-widget-wrap elementor-element-populated\">\n\t\t\t\t\t\t<div class=\"elementor-element elementor-element-9c035f5 elementor-widget elementor-widget-image\" data-id=\"9c035f5\" data-element_type=\"widget\" data-e-type=\"widget\" data-widget_type=\"image.default\">\n\t\t\t\t<div class=\"elementor-widget-container\">\n\t\t\t\t\t\t\t\t\t\t\t\t\t\t\t<img fetchpriority=\"high\" decoding=\"async\" width=\"550\" height=\"166\" src=\"https:\/\/sedesur.unsa.edu.ar\/wp-content\/uploads\/2020\/11\/ENCABEZADO-SEDE-SUR-VERDE.png\" class=\"attachment-large size-large wp-image-1839\" alt=\"\" srcset=\"https:\/\/sedesur.unsa.edu.ar\/wp-content\/uploads\/2020\/11\/ENCABEZADO-SEDE-SUR-VERDE.png 550w, https:\/\/sedesur.unsa.edu.ar\/wp-content\/uploads\/2020\/11\/ENCABEZADO-SEDE-SUR-VERDE-300x91.png 300w, https:\/\/sedesur.unsa.edu.ar\/wp-content\/uploads\/2020\/11\/ENCABEZADO-SEDE-SUR-VERDE-360x109.png 360w\" sizes=\"(max-width: 550px) 100vw, 550px\" \/>\t\t\t\t\t\t\t\t\t\t\t\t\t\t\t<\/div>\n\t\t\t\t<\/div>\n\t\t\t\t\t<\/div>\n\t\t<\/div>\n\t\t\t\t\t<\/div>\n\t\t<\/section>\n\t\t\t\t<section class=\"elementor-section elementor-top-section elementor-element elementor-element-d54b9da elementor-section-boxed elementor-section-height-default elementor-section-height-default\" data-id=\"d54b9da\" data-element_type=\"section\" data-e-type=\"section\">\n\t\t\t\t\t\t<div class=\"elementor-container elementor-column-gap-default\">\n\t\t\t\t\t<div class=\"elementor-column elementor-col-100 elementor-top-column elementor-element elementor-element-314b222\" data-id=\"314b222\" data-element_type=\"column\" data-e-type=\"column\">\n\t\t\t<div class=\"elementor-widget-wrap elementor-element-populated\">\n\t\t\t\t\t\t<div class=\"elementor-element elementor-element-7733f52 elementor-widget elementor-widget-text-editor\" data-id=\"7733f52\" data-element_type=\"widget\" data-e-type=\"widget\" data-widget_type=\"text-editor.default\">\n\t\t\t\t<div class=\"elementor-widget-container\">\n\t\t\t\t\t\t\t\t\t<p><strong><u>TALLER INTEGRADOR DERECHO I<\/u><\/strong><\/p><p>Estimadas\/os alumnas\/os: En raz\u00f3n de que el d\u00eda 20 de Noviembre de 2.020 se tomar\u00e1 el examen final de la C\u00e1tedra Derecho I, se iniciar\u00e1 \u00a0la realizaci\u00f3n del Taller Integrador previo a dicho examen, y a los posteriores. Est\u00e1 dirigido a\u00a0\u00a0alumnos que revistan las condiciones acad\u00e9micas de regulares o libres.<\/p><p>Solicitar\u00a0 el\u00a0\u00a0enlace de las pr\u00f3ximas reuniones a unsa.rosario@gmail.com o por Facebook: Srmrf Unsa<\/p><p>Las mismas se realizan cada semana el d\u00eda Jueves:<\/p><p>\u00a0 \u00a0 \u00a0 \u00a0 12 nov 2020\u00a0\u00a020:30<br \/>\u00a0 \u00a0 \u00a0 \u00a0 19 nov 2020\u00a0\u00a020:30<br \/>\u00a0 \u00a0 \u00a0 \u00a0 26 nov 2020\u00a0\u00a020:30<br \/>\u00a0 \u00a0 \u00a0 \u00a0 3 dic 2020\u00a0\u00a020:30<\/p><p>Se informa que la clave para la automatriculaci\u00f3n en Plataforma Moodle es:\u00a0<strong>Rosario2020<\/strong><\/p><p>Quienes no est\u00e9n matriculados en dicha Plataforma por favor efect\u00faenlo a la brevedad, pues el examen referenciado ut supra se realizar\u00e1 en la misma.<\/p><p>Afectuosamente.- Prof. Elizabeth Safar<\/p>\t\t\t\t\t\t\t\t<\/div>\n\t\t\t\t<\/div>\n\t\t\t\t\t<\/div>\n\t\t<\/div>\n\t\t\t\t\t<\/div>\n\t\t<\/section>\n\t\t\t\t<\/div>\n\t\t","protected":false},"excerpt":{"rendered":"<p>TALLER INTEGRADOR DERECHO I Estimadas\/os alumnas\/os: En raz\u00f3n de que el d\u00eda 20 de Noviembre de 2.020 se tomar\u00e1 el examen final de la C\u00e1tedra Derecho I, se iniciar\u00e1 \u00a0la realizaci\u00f3n del Taller Integrador previo a dicho examen, y a <a href=\"https:\/\/sedesur.unsa.edu.ar\/index.php\/2020\/11\/12\/taller-integrador-derecho-i\/\" class=\"read-more\">Leer mas &#8230;<\/a><\/p>\n","protected":false},"author":3,"featured_media":0,"comment_status":"closed","ping_status":"closed","sticky":false,"template":"","format":"standard","meta":{"footnotes":""},"categories":[25,26,23],"tags":[],"class_list":["post-1837","post","type-post","status-publish","format-standard","hentry","category-estudiantes","category-ingresantes","category-novedades"],"_links":{"self":[{"href":"https:\/\/sedesur.unsa.edu.ar\/index.php\/wp-json\/wp\/v2\/posts\/1837","targetHints":{"allow":["GET"]}}],"collection":[{"href":"https:\/\/sedesur.unsa.edu.ar\/index.php\/wp-json\/wp\/v2\/posts"}],"about":[{"href":"https:\/\/sedesur.unsa.edu.ar\/index.php\/wp-json\/wp\/v2\/types\/post"}],"author":[{"embeddable":true,"href":"https:\/\/sedesur.unsa.edu.ar\/index.php\/wp-json\/wp\/v2\/users\/3"}],"replies":[{"embeddable":true,"href":"https:\/\/sedesur.unsa.edu.ar\/index.php\/wp-json\/wp\/v2\/comments?post=1837"}],"version-history":[{"count":7,"href":"https:\/\/sedesur.unsa.edu.ar\/index.php\/wp-json\/wp\/v2\/posts\/1837\/revisions"}],"predecessor-version":[{"id":1869,"href":"https:\/\/sedesur.unsa.edu.ar\/index.php\/wp-json\/wp\/v2\/posts\/1837\/revisions\/1869"}],"wp:attachment":[{"href":"https:\/\/sedesur.unsa.edu.ar\/index.php\/wp-json\/wp\/v2\/media?parent=1837"}],"wp:term":[{"taxonomy":"category","embeddable":true,"href":"https:\/\/sedesur.unsa.edu.ar\/index.php\/wp-json\/wp\/v2\/categories?post=1837"},{"taxonomy":"post_tag","embeddable":true,"href":"https:\/\/sedesur.unsa.edu.ar\/index.php\/wp-json\/wp\/v2\/tags?post=1837"}],"curies":[{"name":"wp","href":"https:\/\/api.w.org\/{rel}","templated":true}]}}